{"id":2515,"date":"2024-11-25T14:41:46","date_gmt":"2024-11-25T13:41:46","guid":{"rendered":"https:\/\/elansaintais.asso.fr\/blog\/?p=2515"},"modified":"2024-12-04T17:01:48","modified_gmt":"2024-12-04T16:01:48","slug":"rappel-le-cours-de-stretching-de-17h30","status":"publish","type":"post","link":"https:\/\/elansaintais.asso.fr\/blog\/changement-de-salles\/rappel-le-cours-de-stretching-de-17h30\/","title":{"rendered":"RAPPEL Le Cours de stretching de 17H30"},"content":{"rendered":"\n<p>avec Nathalie  est d\u00e9plac\u00e9 \u00e0 la R\u00e9cluse . Salle Cam\u00e9lia indisponible <\/p>\n","protected":false},"excerpt":{"rendered":"<p>avec Nathalie est d\u00e9plac\u00e9 \u00e0 la R\u00e9cluse . Salle Cam\u00e9lia indisponible<\/p>\n","protected":false},"author":3,"featured_media":0,"comment_status":"closed","ping_status":"","sticky":true,"template":"","format":"standard","meta":{"footnotes":""},"categories":[5],"tags":[],"class_list":["post-2515","post","type-post","status-publish","format-standard","hentry","category-changement-de-salles"],"_links":{"self":[{"href":"https:\/\/elansaintais.asso.fr\/blog\/wp-json\/wp\/v2\/posts\/2515","targetHints":{"allow":["GET"]}}],"collection":[{"href":"https:\/\/elansaintais.asso.fr\/blog\/wp-json\/wp\/v2\/posts"}],"about":[{"href":"https:\/\/elansaintais.asso.fr\/blog\/wp-json\/wp\/v2\/types\/post"}],"author":[{"embeddable":true,"href":"https:\/\/elansaintais.asso.fr\/blog\/wp-json\/wp\/v2\/users\/3"}],"replies":[{"embeddable":true,"href":"https:\/\/elansaintais.asso.fr\/blog\/wp-json\/wp\/v2\/comments?post=2515"}],"version-history":[{"count":1,"href":"https:\/\/elansaintais.asso.fr\/blog\/wp-json\/wp\/v2\/posts\/2515\/revisions"}],"predecessor-version":[{"id":2516,"href":"https:\/\/elansaintais.asso.fr\/blog\/wp-json\/wp\/v2\/posts\/2515\/revisions\/2516"}],"wp:attachment":[{"href":"https:\/\/elansaintais.asso.fr\/blog\/wp-json\/wp\/v2\/media?parent=2515"}],"wp:term":[{"taxonomy":"category","embeddable":true,"href":"https:\/\/elansaintais.asso.fr\/blog\/wp-json\/wp\/v2\/categories?post=2515"},{"taxonomy":"post_tag","embeddable":true,"href":"https:\/\/elansaintais.asso.fr\/blog\/wp-json\/wp\/v2\/tags?post=2515"}],"curies":[{"name":"wp","href":"https:\/\/api.w.org\/{rel}","templated":true}]}}