{"id":2621,"date":"2025-01-22T15:49:09","date_gmt":"2025-01-22T14:49:09","guid":{"rendered":"https:\/\/elansaintais.asso.fr\/blog\/?p=2621"},"modified":"2025-02-02T20:35:06","modified_gmt":"2025-02-02T19:35:06","slug":"capacite-des-salles-2","status":"publish","type":"post","link":"https:\/\/elansaintais.asso.fr\/blog\/uncategorized\/capacite-des-salles-2\/","title":{"rendered":"Capacit\u00e9 des salles"},"content":{"rendered":"\n<p>Mesdames, Messieurs,<br>Nous vous demandons de respecter les jauges pr\u00e9cis\u00e9es dans les salles et sur le<br>planning distribu\u00e9 ou en ligne sur notre site. Il s\u2019agit de la s\u00e9curit\u00e9 de tous.<br>Les \u00e9ducateurs sportifs feront de leur mieux pour la faire respecter, mais nous vous<br>demandons pour le cas o\u00f9 le cours auquel vous vous pr\u00e9sentez serait complet de<br>vous pr\u00e9senter \u00e0 un autre cours. Notre association propose pas moins de 52 heures<br>de cours hebdomadaires, vous trouverez, \u00e0 coup s\u00fbr, \u00e0 remplacer celui qui<br>momentan\u00e9ment est complet. N\u2019oubliez pas que lorsqu\u2019il s\u2019agit de cours d\u00e9doubl\u00e9s<br>vous devez choisir entre l\u2019un et l\u2019autre, ceci afin de faciliter l\u2019acc\u00e8s \u00e0 tous.<br>Vous pouvez \u00eatre certains que les membres du CA cherchent des solutions, cependant,<br>elles ne pourront \u00eatre mises en place que l\u2019an prochain en fonction des plannings de<br>r\u00e9servations des salles.<br>Nous vous remercions pour votre compr\u00e9hension.<br>L\u2019\u00e9quipe du CA<\/p>\n","protected":false},"excerpt":{"rendered":"<p>Mesdames, Messieurs,Nous vous demandons de respecter les jauges pr\u00e9cis\u00e9es dans les salles et sur leplanning distribu\u00e9 ou en ligne sur notre site. Il s\u2019agit de la s\u00e9curit\u00e9 de tous.Les \u00e9ducateurs sportifs feront de leur mieux pour la faire respecter, mais nous vousdemandons pour le cas o\u00f9 le cours auquel vous vous pr\u00e9sentez serait complet devous [&hellip;]<\/p>\n","protected":false},"author":2,"featured_media":0,"comment_status":"closed","ping_status":"","sticky":true,"template":"","format":"standard","meta":{"footnotes":""},"categories":[1],"tags":[],"class_list":["post-2621","post","type-post","status-publish","format-standard","hentry","category-uncategorized"],"_links":{"self":[{"href":"https:\/\/elansaintais.asso.fr\/blog\/wp-json\/wp\/v2\/posts\/2621","targetHints":{"allow":["GET"]}}],"collection":[{"href":"https:\/\/elansaintais.asso.fr\/blog\/wp-json\/wp\/v2\/posts"}],"about":[{"href":"https:\/\/elansaintais.asso.fr\/blog\/wp-json\/wp\/v2\/types\/post"}],"author":[{"embeddable":true,"href":"https:\/\/elansaintais.asso.fr\/blog\/wp-json\/wp\/v2\/users\/2"}],"replies":[{"embeddable":true,"href":"https:\/\/elansaintais.asso.fr\/blog\/wp-json\/wp\/v2\/comments?post=2621"}],"version-history":[{"count":2,"href":"https:\/\/elansaintais.asso.fr\/blog\/wp-json\/wp\/v2\/posts\/2621\/revisions"}],"predecessor-version":[{"id":2634,"href":"https:\/\/elansaintais.asso.fr\/blog\/wp-json\/wp\/v2\/posts\/2621\/revisions\/2634"}],"wp:attachment":[{"href":"https:\/\/elansaintais.asso.fr\/blog\/wp-json\/wp\/v2\/media?parent=2621"}],"wp:term":[{"taxonomy":"category","embeddable":true,"href":"https:\/\/elansaintais.asso.fr\/blog\/wp-json\/wp\/v2\/categories?post=2621"},{"taxonomy":"post_tag","embeddable":true,"href":"https:\/\/elansaintais.asso.fr\/blog\/wp-json\/wp\/v2\/tags?post=2621"}],"curies":[{"name":"wp","href":"https:\/\/api.w.org\/{rel}","templated":true}]}}