{"id":2623,"date":"2025-01-23T08:38:42","date_gmt":"2025-01-23T07:38:42","guid":{"rendered":"https:\/\/elansaintais.asso.fr\/blog\/?p=2623"},"modified":"2025-01-23T08:38:42","modified_gmt":"2025-01-23T07:38:42","slug":"controles","status":"publish","type":"post","link":"https:\/\/elansaintais.asso.fr\/blog\/info-diverses\/controles\/","title":{"rendered":"Contr\u00f4les"},"content":{"rendered":"\n<p>Chers adh\u00e9rents les contr\u00f4les ont repris cette semaine, il vous est demand\u00e9 d\u2019avoir votre carte<br>sur vous avec la photo coll\u00e9e dessus. Il vous est \u00e9galement demand\u00e9 d\u2019\u00eatre agr\u00e9ables autant avec<br>les b\u00e9n\u00e9voles qu\u2019avec nos \u00e9ducateurs sportifs, lesquels font aussi de leur mieux. Il est regrettable<br>que certains se permettent de les insulter. Nous vous rappelons qu\u2019une proc\u00e9dure de destitution<br>pourra \u00eatre mise en \u0153uvre pour le cas d\u2019insultes ou de propos irrespectueux envers l\u2019un de nos<br>\u00e9ducateurs sportifs ou de nos b\u00e9n\u00e9voles.<br>Nous vous rappelons que chaque salle dispose de son r\u00e8glement que nous devons tous respecter et<br>qu\u2019aucun adh\u00e9rent ne peut p\u00e9n\u00e9trer dans une salle en l\u2019absence d\u2019\u00e9ducateur sportif de l\u2019\u00e9lan<br>saintais.<br>Merci \u00e0 tous ceux, tr\u00e8s nombreux, qui ont toujours respect\u00e9 les r\u00e8gles et les gens, qu\u2019il s\u2019agisse des<br>\u00e9ducateurs ou des b\u00e9n\u00e9voles de notre association.<br>Les membres du CA<\/p>\n","protected":false},"excerpt":{"rendered":"<p>Chers adh\u00e9rents les contr\u00f4les ont repris cette semaine, il vous est demand\u00e9 d\u2019avoir votre cartesur vous avec la photo coll\u00e9e dessus. Il vous est \u00e9galement demand\u00e9 d\u2019\u00eatre agr\u00e9ables autant avecles b\u00e9n\u00e9voles qu\u2019avec nos \u00e9ducateurs sportifs, lesquels font aussi de leur mieux. Il est regrettableque certains se permettent de les insulter. Nous vous rappelons qu\u2019une proc\u00e9dure [&hellip;]<\/p>\n","protected":false},"author":3,"featured_media":0,"comment_status":"closed","ping_status":"","sticky":true,"template":"","format":"standard","meta":{"footnotes":""},"categories":[7],"tags":[],"class_list":["post-2623","post","type-post","status-publish","format-standard","hentry","category-info-diverses"],"_links":{"self":[{"href":"https:\/\/elansaintais.asso.fr\/blog\/wp-json\/wp\/v2\/posts\/2623","targetHints":{"allow":["GET"]}}],"collection":[{"href":"https:\/\/elansaintais.asso.fr\/blog\/wp-json\/wp\/v2\/posts"}],"about":[{"href":"https:\/\/elansaintais.asso.fr\/blog\/wp-json\/wp\/v2\/types\/post"}],"author":[{"embeddable":true,"href":"https:\/\/elansaintais.asso.fr\/blog\/wp-json\/wp\/v2\/users\/3"}],"replies":[{"embeddable":true,"href":"https:\/\/elansaintais.asso.fr\/blog\/wp-json\/wp\/v2\/comments?post=2623"}],"version-history":[{"count":1,"href":"https:\/\/elansaintais.asso.fr\/blog\/wp-json\/wp\/v2\/posts\/2623\/revisions"}],"predecessor-version":[{"id":2624,"href":"https:\/\/elansaintais.asso.fr\/blog\/wp-json\/wp\/v2\/posts\/2623\/revisions\/2624"}],"wp:attachment":[{"href":"https:\/\/elansaintais.asso.fr\/blog\/wp-json\/wp\/v2\/media?parent=2623"}],"wp:term":[{"taxonomy":"category","embeddable":true,"href":"https:\/\/elansaintais.asso.fr\/blog\/wp-json\/wp\/v2\/categories?post=2623"},{"taxonomy":"post_tag","embeddable":true,"href":"https:\/\/elansaintais.asso.fr\/blog\/wp-json\/wp\/v2\/tags?post=2623"}],"curies":[{"name":"wp","href":"https:\/\/api.w.org\/{rel}","templated":true}]}}