{"id":2707,"date":"2025-02-17T21:11:19","date_gmt":"2025-02-17T20:11:19","guid":{"rendered":"https:\/\/elansaintais.asso.fr\/blog\/?p=2707"},"modified":"2025-02-18T14:44:24","modified_gmt":"2025-02-18T13:44:24","slug":"absence-de-marietta-pour-cette-semaine","status":"publish","type":"post","link":"https:\/\/elansaintais.asso.fr\/blog\/absence-educteurs\/absence-de-marietta-pour-cette-semaine\/","title":{"rendered":"Absence de Marietta pour cette semaine"},"content":{"rendered":"\n<p>Les cours de Mardi : RM salle Galli\u00e9ni 10h \u00e0 11h15 et cours de stretching de12H30 \u00e0 13h30 au Grand Coudret sont annul\u00e9s.<\/p>\n\n\n\n<p>Je vous tiens inform\u00e9 pour les jours suivants.<\/p>\n","protected":false},"excerpt":{"rendered":"<p>Les cours de Mardi : RM salle Galli\u00e9ni 10h \u00e0 11h15 et cours de stretching de12H30 \u00e0 13h30 au Grand Coudret sont annul\u00e9s. Je vous tiens inform\u00e9 pour les jours suivants.<\/p>\n","protected":false},"author":3,"featured_media":0,"comment_status":"closed","ping_status":"","sticky":true,"template":"","format":"standard","meta":{"footnotes":""},"categories":[4],"tags":[],"class_list":["post-2707","post","type-post","status-publish","format-standard","hentry","category-absence-educteurs"],"_links":{"self":[{"href":"https:\/\/elansaintais.asso.fr\/blog\/wp-json\/wp\/v2\/posts\/2707","targetHints":{"allow":["GET"]}}],"collection":[{"href":"https:\/\/elansaintais.asso.fr\/blog\/wp-json\/wp\/v2\/posts"}],"about":[{"href":"https:\/\/elansaintais.asso.fr\/blog\/wp-json\/wp\/v2\/types\/post"}],"author":[{"embeddable":true,"href":"https:\/\/elansaintais.asso.fr\/blog\/wp-json\/wp\/v2\/users\/3"}],"replies":[{"embeddable":true,"href":"https:\/\/elansaintais.asso.fr\/blog\/wp-json\/wp\/v2\/comments?post=2707"}],"version-history":[{"count":1,"href":"https:\/\/elansaintais.asso.fr\/blog\/wp-json\/wp\/v2\/posts\/2707\/revisions"}],"predecessor-version":[{"id":2708,"href":"https:\/\/elansaintais.asso.fr\/blog\/wp-json\/wp\/v2\/posts\/2707\/revisions\/2708"}],"wp:attachment":[{"href":"https:\/\/elansaintais.asso.fr\/blog\/wp-json\/wp\/v2\/media?parent=2707"}],"wp:term":[{"taxonomy":"category","embeddable":true,"href":"https:\/\/elansaintais.asso.fr\/blog\/wp-json\/wp\/v2\/categories?post=2707"},{"taxonomy":"post_tag","embeddable":true,"href":"https:\/\/elansaintais.asso.fr\/blog\/wp-json\/wp\/v2\/tags?post=2707"}],"curies":[{"name":"wp","href":"https:\/\/api.w.org\/{rel}","templated":true}]}}