{"id":2709,"date":"2025-02-18T14:28:26","date_gmt":"2025-02-18T13:28:26","guid":{"rendered":"https:\/\/elansaintais.asso.fr\/blog\/?p=2709"},"modified":"2025-02-18T14:28:26","modified_gmt":"2025-02-18T13:28:26","slug":"absence-de-marietta","status":"publish","type":"post","link":"https:\/\/elansaintais.asso.fr\/blog\/absence-educteurs\/absence-de-marietta\/","title":{"rendered":"Absence de Marietta"},"content":{"rendered":"\n<p><strong>Mercredi 19 f\u00e9vrier<\/strong> : Le cours de Gym \u00e0 la R\u00e9cluse est d\u00e9cal\u00e9 de <strong>10H30 \u00e0 11H30<\/strong> et sera assur\u00e9 par Marie. <\/p>\n\n\n\n<p>Le cours de Step \u00e0 12H30 \u00e0 13h 30 est annul\u00e9.<\/p>\n\n\n\n<p><strong>Jeudi 20 f\u00e9vrier<\/strong> : Le cours de gym au Grand Coudret  de <strong>12h15 \u00e0 13H15<\/strong> sera assur\u00e9 par Marie<\/p>\n\n\n\n<p>Le cours de Varzay 18h30 \u00e0 19h30 est annul\u00e9.<\/p>\n\n\n\n<p><strong>Vendredi 21 f\u00e9vier<\/strong> : cours de gym Ecurat de 10H30 \u00e0 11H30 est annul\u00e9. Le cours de Stretching au Grand Coudret de<strong> 17h \u00e0 18H<\/strong> sera assur\u00e9 par Anne-Sophie.<\/p>\n\n\n\n<p><\/p>\n","protected":false},"excerpt":{"rendered":"<p>Mercredi 19 f\u00e9vrier : Le cours de Gym \u00e0 la R\u00e9cluse est d\u00e9cal\u00e9 de 10H30 \u00e0 11H30 et sera assur\u00e9 par Marie. Le cours de Step \u00e0 12H30 \u00e0 13h 30 est annul\u00e9. Jeudi 20 f\u00e9vrier : Le cours de gym au Grand Coudret de 12h15 \u00e0 13H15 sera assur\u00e9 par Marie Le cours de [&hellip;]<\/p>\n","protected":false},"author":3,"featured_media":0,"comment_status":"closed","ping_status":"","sticky":true,"template":"","format":"standard","meta":{"footnotes":""},"categories":[4],"tags":[],"class_list":["post-2709","post","type-post","status-publish","format-standard","hentry","category-absence-educteurs"],"_links":{"self":[{"href":"https:\/\/elansaintais.asso.fr\/blog\/wp-json\/wp\/v2\/posts\/2709","targetHints":{"allow":["GET"]}}],"collection":[{"href":"https:\/\/elansaintais.asso.fr\/blog\/wp-json\/wp\/v2\/posts"}],"about":[{"href":"https:\/\/elansaintais.asso.fr\/blog\/wp-json\/wp\/v2\/types\/post"}],"author":[{"embeddable":true,"href":"https:\/\/elansaintais.asso.fr\/blog\/wp-json\/wp\/v2\/users\/3"}],"replies":[{"embeddable":true,"href":"https:\/\/elansaintais.asso.fr\/blog\/wp-json\/wp\/v2\/comments?post=2709"}],"version-history":[{"count":2,"href":"https:\/\/elansaintais.asso.fr\/blog\/wp-json\/wp\/v2\/posts\/2709\/revisions"}],"predecessor-version":[{"id":2711,"href":"https:\/\/elansaintais.asso.fr\/blog\/wp-json\/wp\/v2\/posts\/2709\/revisions\/2711"}],"wp:attachment":[{"href":"https:\/\/elansaintais.asso.fr\/blog\/wp-json\/wp\/v2\/media?parent=2709"}],"wp:term":[{"taxonomy":"category","embeddable":true,"href":"https:\/\/elansaintais.asso.fr\/blog\/wp-json\/wp\/v2\/categories?post=2709"},{"taxonomy":"post_tag","embeddable":true,"href":"https:\/\/elansaintais.asso.fr\/blog\/wp-json\/wp\/v2\/tags?post=2709"}],"curies":[{"name":"wp","href":"https:\/\/api.w.org\/{rel}","templated":true}]}}