{"id":2761,"date":"2025-03-30T15:46:02","date_gmt":"2025-03-30T13:46:02","guid":{"rendered":"https:\/\/elansaintais.asso.fr\/blog\/?p=2761"},"modified":"2025-03-30T15:46:02","modified_gmt":"2025-03-30T13:46:02","slug":"repas-de-fin-de-saison","status":"publish","type":"post","link":"https:\/\/elansaintais.asso.fr\/blog\/uncategorized\/repas-de-fin-de-saison\/","title":{"rendered":"Repas de fin de saison"},"content":{"rendered":"\n<p>Afin de cl\u00f4turer la saison sportive dans la bonne humeur, l&rsquo;\u00c9lan Saintais organise une soir\u00e9e dansante au Vegas le vendredi 13 juin.<\/p>\n\n\n\n<p>Au menu :<\/p>\n\n\n\n<ul class=\"wp-block-list\">\n<li>Cocktails<\/li>\n\n\n\n<li>Foie gras et son chutney aux fruits, petit mesclun de salade servi avec toast<\/li>\n\n\n\n<li>Filet de poisson du jour pan\u00e9 coco beurre citron vert, pur\u00e9e de patates douces.<\/li>\n\n\n\n<li>Bavarois vanille passion<\/li>\n\n\n\n<li>Caf\u00e9<\/li>\n\n\n\n<li>Vins blanc et rouge (apporter son bouchon)<\/li>\n\n\n\n<li>Le DJ est offert par l&rsquo; Elan Saintais<\/li>\n<\/ul>\n\n\n\n<p>Le tarif est de 39 \u20ac <\/p>\n\n\n\n<p><strong>R\u00e9servation obligatoire avant le 15 mai <\/strong><a href=\"https:\/\/www.helloasso.com\/associations\/l-elan-saintais\/evenements\/repas-fin-de-saison-2024-2025\">ici<\/a> ou sur notre page d&rsquo;accueil.<\/p>\n\n\n\n<p><\/p>\n","protected":false},"excerpt":{"rendered":"<p>Afin de cl\u00f4turer la saison sportive dans la bonne humeur, l&rsquo;\u00c9lan Saintais organise une soir\u00e9e dansante au Vegas le vendredi 13 juin. Au menu : Le tarif est de 39 \u20ac R\u00e9servation obligatoire avant le 15 mai ici ou sur notre page d&rsquo;accueil.<\/p>\n","protected":false},"author":2,"featured_media":0,"comment_status":"closed","ping_status":"closed","sticky":true,"template":"","format":"standard","meta":{"footnotes":""},"categories":[1],"tags":[],"class_list":["post-2761","post","type-post","status-publish","format-standard","hentry","category-uncategorized"],"_links":{"self":[{"href":"https:\/\/elansaintais.asso.fr\/blog\/wp-json\/wp\/v2\/posts\/2761","targetHints":{"allow":["GET"]}}],"collection":[{"href":"https:\/\/elansaintais.asso.fr\/blog\/wp-json\/wp\/v2\/posts"}],"about":[{"href":"https:\/\/elansaintais.asso.fr\/blog\/wp-json\/wp\/v2\/types\/post"}],"author":[{"embeddable":true,"href":"https:\/\/elansaintais.asso.fr\/blog\/wp-json\/wp\/v2\/users\/2"}],"replies":[{"embeddable":true,"href":"https:\/\/elansaintais.asso.fr\/blog\/wp-json\/wp\/v2\/comments?post=2761"}],"version-history":[{"count":3,"href":"https:\/\/elansaintais.asso.fr\/blog\/wp-json\/wp\/v2\/posts\/2761\/revisions"}],"predecessor-version":[{"id":2764,"href":"https:\/\/elansaintais.asso.fr\/blog\/wp-json\/wp\/v2\/posts\/2761\/revisions\/2764"}],"wp:attachment":[{"href":"https:\/\/elansaintais.asso.fr\/blog\/wp-json\/wp\/v2\/media?parent=2761"}],"wp:term":[{"taxonomy":"category","embeddable":true,"href":"https:\/\/elansaintais.asso.fr\/blog\/wp-json\/wp\/v2\/categories?post=2761"},{"taxonomy":"post_tag","embeddable":true,"href":"https:\/\/elansaintais.asso.fr\/blog\/wp-json\/wp\/v2\/tags?post=2761"}],"curies":[{"name":"wp","href":"https:\/\/api.w.org\/{rel}","templated":true}]}}