{"id":3160,"date":"2025-11-27T10:00:00","date_gmt":"2025-11-27T09:00:00","guid":{"rendered":"https:\/\/elansaintais.asso.fr\/blog\/?p=3160"},"modified":"2025-11-26T11:46:01","modified_gmt":"2025-11-26T10:46:01","slug":"absence-le-1er-2-et-4-decembre-formation-claire-et-marie-cours-au-grand-coudret","status":"publish","type":"post","link":"https:\/\/elansaintais.asso.fr\/blog\/absence-educteurs\/absence-le-1er-2-et-4-decembre-formation-claire-et-marie-cours-au-grand-coudret\/","title":{"rendered":"Formation Claire et Marie le 1er, 2 et 4 d\u00e9cembre  : Cours remplac\u00e9s"},"content":{"rendered":"\n<p><strong>LUNDI 1er D\u00e9cembre<\/strong> : les cours de Claire seront assur\u00e9s par Eric d\u00e9cal\u00e9s de 15mm soit \u00e0 10H30 et 11H 35<\/p>\n\n\n\n<p><strong>MARDI 02 D\u00e9cembre <\/strong>: les cours de Marie seront assur\u00e9s par Elodie : 10H et 11H 10 au Grand Coudret et cours de HIIT de 12H30 \u00e0 13H15 \u00e0 la salle  de La R\u00e9cluse<\/p>\n\n\n\n<p>L<strong>e cours DE GASQUET de 16H \u00e0 17h <\/strong> est supprim\u00e9<\/p>\n\n\n\n<p><strong>JEUDI 04 D\u00e9cembre <\/strong>: cours de Marie assur\u00e9 par Elodie de 10h45 \u00e0 11h45<\/p>\n\n\n\n<p><strong>Claire et Marie assureront tous leurs cours apr\u00e8s 17H00<\/strong><\/p>\n\n\n\n<p>Merci d&rsquo;en prendre note <\/p>\n\n\n\n<p><\/p>\n","protected":false},"excerpt":{"rendered":"<p>LUNDI 1er D\u00e9cembre : les cours de Claire seront assur\u00e9s par Eric d\u00e9cal\u00e9s de 15mm soit \u00e0 10H30 et 11H 35 MARDI 02 D\u00e9cembre : les cours de Marie seront assur\u00e9s par Elodie : 10H et 11H 10 au Grand Coudret et cours de HIIT de 12H30 \u00e0 13H15 \u00e0 la salle de La R\u00e9cluse [&hellip;]<\/p>\n","protected":false},"author":3,"featured_media":0,"comment_status":"closed","ping_status":"","sticky":true,"template":"","format":"standard","meta":{"footnotes":""},"categories":[4],"tags":[],"class_list":["post-3160","post","type-post","status-publish","format-standard","hentry","category-absence-educteurs"],"_links":{"self":[{"href":"https:\/\/elansaintais.asso.fr\/blog\/wp-json\/wp\/v2\/posts\/3160","targetHints":{"allow":["GET"]}}],"collection":[{"href":"https:\/\/elansaintais.asso.fr\/blog\/wp-json\/wp\/v2\/posts"}],"about":[{"href":"https:\/\/elansaintais.asso.fr\/blog\/wp-json\/wp\/v2\/types\/post"}],"author":[{"embeddable":true,"href":"https:\/\/elansaintais.asso.fr\/blog\/wp-json\/wp\/v2\/users\/3"}],"replies":[{"embeddable":true,"href":"https:\/\/elansaintais.asso.fr\/blog\/wp-json\/wp\/v2\/comments?post=3160"}],"version-history":[{"count":3,"href":"https:\/\/elansaintais.asso.fr\/blog\/wp-json\/wp\/v2\/posts\/3160\/revisions"}],"predecessor-version":[{"id":3167,"href":"https:\/\/elansaintais.asso.fr\/blog\/wp-json\/wp\/v2\/posts\/3160\/revisions\/3167"}],"wp:attachment":[{"href":"https:\/\/elansaintais.asso.fr\/blog\/wp-json\/wp\/v2\/media?parent=3160"}],"wp:term":[{"taxonomy":"category","embeddable":true,"href":"https:\/\/elansaintais.asso.fr\/blog\/wp-json\/wp\/v2\/categories?post=3160"},{"taxonomy":"post_tag","embeddable":true,"href":"https:\/\/elansaintais.asso.fr\/blog\/wp-json\/wp\/v2\/tags?post=3160"}],"curies":[{"name":"wp","href":"https:\/\/api.w.org\/{rel}","templated":true}]}}