{"id":3168,"date":"2025-11-27T15:30:00","date_gmt":"2025-11-27T14:30:00","guid":{"rendered":"https:\/\/elansaintais.asso.fr\/blog\/?p=3168"},"modified":"2025-11-26T11:45:03","modified_gmt":"2025-11-26T10:45:03","slug":"salle-de-la-recluse-indisponible-2","status":"publish","type":"post","link":"https:\/\/elansaintais.asso.fr\/blog\/changement-de-salles\/salle-de-la-recluse-indisponible-2\/","title":{"rendered":"Salle de la R\u00e9cluse indisponible"},"content":{"rendered":"\n<p class=\"has-medium-font-size\">Le mardi 02 d\u00e9cembre \u00e0 partir de 16 H , r\u00e9union de quartier.<\/p>\n\n\n\n<p class=\"has-medium-font-size\"><strong>Le cours de Yoga de 19H30 \u00e0 20H45 <\/strong> est d\u00e9plac\u00e9 \u00e0 la Salle Saintonge n\u00b0 5, rue Fernand Chapsal , derri\u00e8re la mairie.<\/p>\n\n\n\n<p>merci de votre compr\u00e9hension<\/p>\n\n\n\n<p><\/p>\n","protected":false},"excerpt":{"rendered":"<p>Le mardi 02 d\u00e9cembre \u00e0 partir de 16 H , r\u00e9union de quartier. Le cours de Yoga de 19H30 \u00e0 20H45 est d\u00e9plac\u00e9 \u00e0 la Salle Saintonge n\u00b0 5, rue Fernand Chapsal , derri\u00e8re la mairie. merci de votre compr\u00e9hension<\/p>\n","protected":false},"author":2,"featured_media":0,"comment_status":"closed","ping_status":"","sticky":true,"template":"","format":"standard","meta":{"footnotes":""},"categories":[5],"tags":[],"class_list":["post-3168","post","type-post","status-publish","format-standard","hentry","category-changement-de-salles"],"_links":{"self":[{"href":"https:\/\/elansaintais.asso.fr\/blog\/wp-json\/wp\/v2\/posts\/3168","targetHints":{"allow":["GET"]}}],"collection":[{"href":"https:\/\/elansaintais.asso.fr\/blog\/wp-json\/wp\/v2\/posts"}],"about":[{"href":"https:\/\/elansaintais.asso.fr\/blog\/wp-json\/wp\/v2\/types\/post"}],"author":[{"embeddable":true,"href":"https:\/\/elansaintais.asso.fr\/blog\/wp-json\/wp\/v2\/users\/2"}],"replies":[{"embeddable":true,"href":"https:\/\/elansaintais.asso.fr\/blog\/wp-json\/wp\/v2\/comments?post=3168"}],"version-history":[{"count":2,"href":"https:\/\/elansaintais.asso.fr\/blog\/wp-json\/wp\/v2\/posts\/3168\/revisions"}],"predecessor-version":[{"id":3170,"href":"https:\/\/elansaintais.asso.fr\/blog\/wp-json\/wp\/v2\/posts\/3168\/revisions\/3170"}],"wp:attachment":[{"href":"https:\/\/elansaintais.asso.fr\/blog\/wp-json\/wp\/v2\/media?parent=3168"}],"wp:term":[{"taxonomy":"category","embeddable":true,"href":"https:\/\/elansaintais.asso.fr\/blog\/wp-json\/wp\/v2\/categories?post=3168"},{"taxonomy":"post_tag","embeddable":true,"href":"https:\/\/elansaintais.asso.fr\/blog\/wp-json\/wp\/v2\/tags?post=3168"}],"curies":[{"name":"wp","href":"https:\/\/api.w.org\/{rel}","templated":true}]}}