{"id":3182,"date":"2025-12-04T10:38:25","date_gmt":"2025-12-04T09:38:25","guid":{"rendered":"https:\/\/elansaintais.asso.fr\/blog\/?p=3182"},"modified":"2025-12-04T10:38:25","modified_gmt":"2025-12-04T09:38:25","slug":"a-vos-agendas-cours-du-vendredi-gym-et-stretching","status":"publish","type":"post","link":"https:\/\/elansaintais.asso.fr\/blog\/changement-horaires\/a-vos-agendas-cours-du-vendredi-gym-et-stretching\/","title":{"rendered":"A vos AGENDAS Cours du vendredi gym et stretching"},"content":{"rendered":"\n<p><strong>Vendredi 05 D\u00e9cembre&nbsp;: Gym \u00e0 12H et Stretching \u00e0 13H<\/strong><\/p>\n\n\n\n<p><strong>Vendredi 12 D\u00e9cembre : Gym \u00e0 16H et Stretching \u00e0 17H 15<\/strong><\/p>\n\n\n\n<p><strong>Vendredi 19 D\u00e9cembre : Gym \u00e0 12H et Stretching \u00e0 13H<\/strong><\/p>\n\n\n\n<p class=\"has-medium-font-size\"><strong>Merci d&rsquo;en prendre note &#8211; les cours sont \u00e9galement affich\u00e9s au Grand Coudret<\/strong><\/p>\n\n\n\n<p><\/p>\n\n\n\n<p><\/p>\n","protected":false},"excerpt":{"rendered":"<p>Vendredi 05 D\u00e9cembre&nbsp;: Gym \u00e0 12H et Stretching \u00e0 13H Vendredi 12 D\u00e9cembre : Gym \u00e0 16H et Stretching \u00e0 17H 15 Vendredi 19 D\u00e9cembre : Gym \u00e0 12H et Stretching \u00e0 13H Merci d&rsquo;en prendre note &#8211; les cours sont \u00e9galement affich\u00e9s au Grand Coudret<\/p>\n","protected":false},"author":3,"featured_media":0,"comment_status":"closed","ping_status":"","sticky":true,"template":"","format":"standard","meta":{"footnotes":""},"categories":[10],"tags":[],"class_list":["post-3182","post","type-post","status-publish","format-standard","hentry","category-changement-horaires"],"_links":{"self":[{"href":"https:\/\/elansaintais.asso.fr\/blog\/wp-json\/wp\/v2\/posts\/3182","targetHints":{"allow":["GET"]}}],"collection":[{"href":"https:\/\/elansaintais.asso.fr\/blog\/wp-json\/wp\/v2\/posts"}],"about":[{"href":"https:\/\/elansaintais.asso.fr\/blog\/wp-json\/wp\/v2\/types\/post"}],"author":[{"embeddable":true,"href":"https:\/\/elansaintais.asso.fr\/blog\/wp-json\/wp\/v2\/users\/3"}],"replies":[{"embeddable":true,"href":"https:\/\/elansaintais.asso.fr\/blog\/wp-json\/wp\/v2\/comments?post=3182"}],"version-history":[{"count":4,"href":"https:\/\/elansaintais.asso.fr\/blog\/wp-json\/wp\/v2\/posts\/3182\/revisions"}],"predecessor-version":[{"id":3200,"href":"https:\/\/elansaintais.asso.fr\/blog\/wp-json\/wp\/v2\/posts\/3182\/revisions\/3200"}],"wp:attachment":[{"href":"https:\/\/elansaintais.asso.fr\/blog\/wp-json\/wp\/v2\/media?parent=3182"}],"wp:term":[{"taxonomy":"category","embeddable":true,"href":"https:\/\/elansaintais.asso.fr\/blog\/wp-json\/wp\/v2\/categories?post=3182"},{"taxonomy":"post_tag","embeddable":true,"href":"https:\/\/elansaintais.asso.fr\/blog\/wp-json\/wp\/v2\/tags?post=3182"}],"curies":[{"name":"wp","href":"https:\/\/api.w.org\/{rel}","templated":true}]}}