{"id":3190,"date":"2025-12-04T09:00:00","date_gmt":"2025-12-04T08:00:00","guid":{"rendered":"https:\/\/elansaintais.asso.fr\/blog\/?p=3190"},"modified":"2025-12-03T15:36:21","modified_gmt":"2025-12-03T14:36:21","slug":"absence-exceptionnelle-de-marietta","status":"publish","type":"post","link":"https:\/\/elansaintais.asso.fr\/blog\/uncategorized\/absence-exceptionnelle-de-marietta\/","title":{"rendered":"Absence Exceptionnelle de Marietta"},"content":{"rendered":"\n<p>Marietta sera absente la matin\u00e9e du Vendredi 05 d\u00e9cembre : le cours de 10H30 \u00e0 11H30 \u00e0 Ecurat est annul\u00e9 <\/p>\n","protected":false},"excerpt":{"rendered":"<p>Marietta sera absente la matin\u00e9e du Vendredi 05 d\u00e9cembre : le cours de 10H30 \u00e0 11H30 \u00e0 Ecurat est annul\u00e9<\/p>\n","protected":false},"author":2,"featured_media":0,"comment_status":"closed","ping_status":"","sticky":true,"template":"","format":"standard","meta":{"footnotes":""},"categories":[1],"tags":[],"class_list":["post-3190","post","type-post","status-publish","format-standard","hentry","category-uncategorized"],"_links":{"self":[{"href":"https:\/\/elansaintais.asso.fr\/blog\/wp-json\/wp\/v2\/posts\/3190","targetHints":{"allow":["GET"]}}],"collection":[{"href":"https:\/\/elansaintais.asso.fr\/blog\/wp-json\/wp\/v2\/posts"}],"about":[{"href":"https:\/\/elansaintais.asso.fr\/blog\/wp-json\/wp\/v2\/types\/post"}],"author":[{"embeddable":true,"href":"https:\/\/elansaintais.asso.fr\/blog\/wp-json\/wp\/v2\/users\/2"}],"replies":[{"embeddable":true,"href":"https:\/\/elansaintais.asso.fr\/blog\/wp-json\/wp\/v2\/comments?post=3190"}],"version-history":[{"count":1,"href":"https:\/\/elansaintais.asso.fr\/blog\/wp-json\/wp\/v2\/posts\/3190\/revisions"}],"predecessor-version":[{"id":3191,"href":"https:\/\/elansaintais.asso.fr\/blog\/wp-json\/wp\/v2\/posts\/3190\/revisions\/3191"}],"wp:attachment":[{"href":"https:\/\/elansaintais.asso.fr\/blog\/wp-json\/wp\/v2\/media?parent=3190"}],"wp:term":[{"taxonomy":"category","embeddable":true,"href":"https:\/\/elansaintais.asso.fr\/blog\/wp-json\/wp\/v2\/categories?post=3190"},{"taxonomy":"post_tag","embeddable":true,"href":"https:\/\/elansaintais.asso.fr\/blog\/wp-json\/wp\/v2\/tags?post=3190"}],"curies":[{"name":"wp","href":"https:\/\/api.w.org\/{rel}","templated":true}]}}