{"id":3196,"date":"2025-12-03T17:50:33","date_gmt":"2025-12-03T16:50:33","guid":{"rendered":"https:\/\/elansaintais.asso.fr\/blog\/?p=3196"},"modified":"2025-12-03T17:50:33","modified_gmt":"2025-12-03T16:50:33","slug":"cours-du-mardi-09-decembre-a-16h","status":"publish","type":"post","link":"https:\/\/elansaintais.asso.fr\/blog\/changement-de-salles\/cours-du-mardi-09-decembre-a-16h\/","title":{"rendered":"COURS du MARDI 09 D\u00e9cembre \u00e0 16H"},"content":{"rendered":"\n<p>Nous avons  une salle disponible pour <strong>Le cours de 16H \u00e0 17H De Gasquet<\/strong> avec Marie. Il aura lieu \u00e0 la salle G.Philippe , Maison des associations rue du cormier , Pr\u00e9voyez votre tapis !<\/p>\n\n\n\n<p>D\u00e9sol\u00e9e pour le contre-ordre je viens de recevoir l&rsquo;info &#8230;<\/p>\n\n\n\n<p><\/p>\n","protected":false},"excerpt":{"rendered":"<p>Nous avons une salle disponible pour Le cours de 16H \u00e0 17H De Gasquet avec Marie. Il aura lieu \u00e0 la salle G.Philippe , Maison des associations rue du cormier , Pr\u00e9voyez votre tapis ! D\u00e9sol\u00e9e pour le contre-ordre je viens de recevoir l&rsquo;info &#8230;<\/p>\n","protected":false},"author":2,"featured_media":0,"comment_status":"closed","ping_status":"","sticky":true,"template":"","format":"standard","meta":{"footnotes":""},"categories":[5],"tags":[],"class_list":["post-3196","post","type-post","status-publish","format-standard","hentry","category-changement-de-salles"],"_links":{"self":[{"href":"https:\/\/elansaintais.asso.fr\/blog\/wp-json\/wp\/v2\/posts\/3196","targetHints":{"allow":["GET"]}}],"collection":[{"href":"https:\/\/elansaintais.asso.fr\/blog\/wp-json\/wp\/v2\/posts"}],"about":[{"href":"https:\/\/elansaintais.asso.fr\/blog\/wp-json\/wp\/v2\/types\/post"}],"author":[{"embeddable":true,"href":"https:\/\/elansaintais.asso.fr\/blog\/wp-json\/wp\/v2\/users\/2"}],"replies":[{"embeddable":true,"href":"https:\/\/elansaintais.asso.fr\/blog\/wp-json\/wp\/v2\/comments?post=3196"}],"version-history":[{"count":1,"href":"https:\/\/elansaintais.asso.fr\/blog\/wp-json\/wp\/v2\/posts\/3196\/revisions"}],"predecessor-version":[{"id":3197,"href":"https:\/\/elansaintais.asso.fr\/blog\/wp-json\/wp\/v2\/posts\/3196\/revisions\/3197"}],"wp:attachment":[{"href":"https:\/\/elansaintais.asso.fr\/blog\/wp-json\/wp\/v2\/media?parent=3196"}],"wp:term":[{"taxonomy":"category","embeddable":true,"href":"https:\/\/elansaintais.asso.fr\/blog\/wp-json\/wp\/v2\/categories?post=3196"},{"taxonomy":"post_tag","embeddable":true,"href":"https:\/\/elansaintais.asso.fr\/blog\/wp-json\/wp\/v2\/tags?post=3196"}],"curies":[{"name":"wp","href":"https:\/\/api.w.org\/{rel}","templated":true}]}}