{"id":3479,"date":"2026-03-11T15:30:06","date_gmt":"2026-03-11T14:30:06","guid":{"rendered":"https:\/\/elansaintais.asso.fr\/blog\/?p=3479"},"modified":"2026-03-10T09:00:45","modified_gmt":"2026-03-10T08:00:45","slug":"repas-de-fin-saison","status":"publish","type":"post","link":"https:\/\/elansaintais.asso.fr\/blog\/info-diverses\/repas-de-fin-saison\/","title":{"rendered":"REPAS DE FIN SAISON"},"content":{"rendered":"\n<p>Afin de cl\u00f4turer la saison sportive dans la bonne humeur, l\u2019\u00c9lan Saintais organise une soir\u00e9e dansante aux Magnolias <strong>le vendredi 19 juin<\/strong> <strong>2026.<\/strong> Nous serons ravis de vous y retrouver pour partager un moment convivial ! Tarif 40\u20ac <em><strong>RESERVEZ d\u00e8s \u00e0 pr\u00e9sent Votre soir\u00e9e <\/strong><\/em><\/p>\n\n\n\n<p><em>Les inscriptions  d\u00e9buteront au mois de mai.<\/em><\/p>\n","protected":false},"excerpt":{"rendered":"<p>Afin de cl\u00f4turer la saison sportive dans la bonne humeur, l\u2019\u00c9lan Saintais organise une soir\u00e9e dansante aux Magnolias le vendredi 19 juin 2026. Nous serons ravis de vous y retrouver pour partager un moment convivial ! Tarif 40\u20ac RESERVEZ d\u00e8s \u00e0 pr\u00e9sent Votre soir\u00e9e Les inscriptions d\u00e9buteront au mois de mai.<\/p>\n","protected":false},"author":2,"featured_media":0,"comment_status":"closed","ping_status":"","sticky":true,"template":"","format":"standard","meta":{"footnotes":""},"categories":[7],"tags":[],"class_list":["post-3479","post","type-post","status-publish","format-standard","hentry","category-info-diverses"],"_links":{"self":[{"href":"https:\/\/elansaintais.asso.fr\/blog\/wp-json\/wp\/v2\/posts\/3479","targetHints":{"allow":["GET"]}}],"collection":[{"href":"https:\/\/elansaintais.asso.fr\/blog\/wp-json\/wp\/v2\/posts"}],"about":[{"href":"https:\/\/elansaintais.asso.fr\/blog\/wp-json\/wp\/v2\/types\/post"}],"author":[{"embeddable":true,"href":"https:\/\/elansaintais.asso.fr\/blog\/wp-json\/wp\/v2\/users\/2"}],"replies":[{"embeddable":true,"href":"https:\/\/elansaintais.asso.fr\/blog\/wp-json\/wp\/v2\/comments?post=3479"}],"version-history":[{"count":4,"href":"https:\/\/elansaintais.asso.fr\/blog\/wp-json\/wp\/v2\/posts\/3479\/revisions"}],"predecessor-version":[{"id":3486,"href":"https:\/\/elansaintais.asso.fr\/blog\/wp-json\/wp\/v2\/posts\/3479\/revisions\/3486"}],"wp:attachment":[{"href":"https:\/\/elansaintais.asso.fr\/blog\/wp-json\/wp\/v2\/media?parent=3479"}],"wp:term":[{"taxonomy":"category","embeddable":true,"href":"https:\/\/elansaintais.asso.fr\/blog\/wp-json\/wp\/v2\/categories?post=3479"},{"taxonomy":"post_tag","embeddable":true,"href":"https:\/\/elansaintais.asso.fr\/blog\/wp-json\/wp\/v2\/tags?post=3479"}],"curies":[{"name":"wp","href":"https:\/\/api.w.org\/{rel}","templated":true}]}}