{"id":3488,"date":"2026-03-15T16:50:06","date_gmt":"2026-03-15T15:50:06","guid":{"rendered":"https:\/\/elansaintais.asso.fr\/blog\/?p=3488"},"modified":"2026-03-15T16:50:06","modified_gmt":"2026-03-15T15:50:06","slug":"rappel-des-salles-requisitionnees-cours-annules","status":"publish","type":"post","link":"https:\/\/elansaintais.asso.fr\/blog\/salles-indisponibles\/rappel-des-salles-requisitionnees-cours-annules\/","title":{"rendered":"Rappel des salles r\u00e9quisitionn\u00e9es : cours annul\u00e9s"},"content":{"rendered":"\n<p>Les salles Municipales Cam\u00e9lia , La R\u00e9cluse et G\u00e9rard Philipe sont r\u00e9quisitionn\u00e9es pour les \u00e9lections <\/p>\n\n\n\n<p> Cours annul\u00e9s : <strong>lundi 16 mars  Stretching<\/strong> salle Cam\u00e9lia  et  <strong>vendredi 20 mars Yoga<\/strong>  salle de La R\u00e9cluse <\/p>\n\n\n\n<p>Pas de salles de remplacement disponibles . Merci de votre compr\u00e9hension<\/p>\n\n\n\n<p><\/p>\n","protected":false},"excerpt":{"rendered":"<p>Les salles Municipales Cam\u00e9lia , La R\u00e9cluse et G\u00e9rard Philipe sont r\u00e9quisitionn\u00e9es pour les \u00e9lections Cours annul\u00e9s : lundi 16 mars Stretching salle Cam\u00e9lia et vendredi 20 mars Yoga salle de La R\u00e9cluse Pas de salles de remplacement disponibles . Merci de votre compr\u00e9hension<\/p>\n","protected":false},"author":3,"featured_media":0,"comment_status":"closed","ping_status":"","sticky":true,"template":"","format":"standard","meta":{"footnotes":""},"categories":[8],"tags":[],"class_list":["post-3488","post","type-post","status-publish","format-standard","hentry","category-salles-indisponibles"],"_links":{"self":[{"href":"https:\/\/elansaintais.asso.fr\/blog\/wp-json\/wp\/v2\/posts\/3488","targetHints":{"allow":["GET"]}}],"collection":[{"href":"https:\/\/elansaintais.asso.fr\/blog\/wp-json\/wp\/v2\/posts"}],"about":[{"href":"https:\/\/elansaintais.asso.fr\/blog\/wp-json\/wp\/v2\/types\/post"}],"author":[{"embeddable":true,"href":"https:\/\/elansaintais.asso.fr\/blog\/wp-json\/wp\/v2\/users\/3"}],"replies":[{"embeddable":true,"href":"https:\/\/elansaintais.asso.fr\/blog\/wp-json\/wp\/v2\/comments?post=3488"}],"version-history":[{"count":1,"href":"https:\/\/elansaintais.asso.fr\/blog\/wp-json\/wp\/v2\/posts\/3488\/revisions"}],"predecessor-version":[{"id":3489,"href":"https:\/\/elansaintais.asso.fr\/blog\/wp-json\/wp\/v2\/posts\/3488\/revisions\/3489"}],"wp:attachment":[{"href":"https:\/\/elansaintais.asso.fr\/blog\/wp-json\/wp\/v2\/media?parent=3488"}],"wp:term":[{"taxonomy":"category","embeddable":true,"href":"https:\/\/elansaintais.asso.fr\/blog\/wp-json\/wp\/v2\/categories?post=3488"},{"taxonomy":"post_tag","embeddable":true,"href":"https:\/\/elansaintais.asso.fr\/blog\/wp-json\/wp\/v2\/tags?post=3488"}],"curies":[{"name":"wp","href":"https:\/\/api.w.org\/{rel}","templated":true}]}}