{"id":3494,"date":"2026-03-18T16:00:00","date_gmt":"2026-03-18T15:00:00","guid":{"rendered":"https:\/\/elansaintais.asso.fr\/blog\/?p=3494"},"modified":"2026-03-27T15:50:58","modified_gmt":"2026-03-27T14:50:58","slug":"salle-j-prevert-indisponible-les-vendredis-20-et-27-mars","status":"publish","type":"post","link":"https:\/\/elansaintais.asso.fr\/blog\/uncategorized\/salle-j-prevert-indisponible-les-vendredis-20-et-27-mars\/","title":{"rendered":"Salle J.Pr\u00e9vert indisponible les vendredis 20 et 27 mars"},"content":{"rendered":"\n<p>La salle J.Pr\u00e9vert sera indisponible les vendredis 20 et 27 mars 2026<\/p>\n\n\n\n<p>Toutes nos excuses pour ce contretemps ind\u00e9pendant de notre volont\u00e9 &#8230; Reprise vendredi 03 avril <\/p>\n","protected":false},"excerpt":{"rendered":"<p>La salle J.Pr\u00e9vert sera indisponible les vendredis 20 et 27 mars 2026 Toutes nos excuses pour ce contretemps ind\u00e9pendant de notre volont\u00e9 &#8230; Reprise vendredi 03 avril<\/p>\n","protected":false},"author":3,"featured_media":0,"comment_status":"closed","ping_status":"","sticky":true,"template":"","format":"standard","meta":{"footnotes":""},"categories":[1],"tags":[],"class_list":["post-3494","post","type-post","status-publish","format-standard","hentry","category-uncategorized"],"_links":{"self":[{"href":"https:\/\/elansaintais.asso.fr\/blog\/wp-json\/wp\/v2\/posts\/3494","targetHints":{"allow":["GET"]}}],"collection":[{"href":"https:\/\/elansaintais.asso.fr\/blog\/wp-json\/wp\/v2\/posts"}],"about":[{"href":"https:\/\/elansaintais.asso.fr\/blog\/wp-json\/wp\/v2\/types\/post"}],"author":[{"embeddable":true,"href":"https:\/\/elansaintais.asso.fr\/blog\/wp-json\/wp\/v2\/users\/3"}],"replies":[{"embeddable":true,"href":"https:\/\/elansaintais.asso.fr\/blog\/wp-json\/wp\/v2\/comments?post=3494"}],"version-history":[{"count":1,"href":"https:\/\/elansaintais.asso.fr\/blog\/wp-json\/wp\/v2\/posts\/3494\/revisions"}],"predecessor-version":[{"id":3495,"href":"https:\/\/elansaintais.asso.fr\/blog\/wp-json\/wp\/v2\/posts\/3494\/revisions\/3495"}],"wp:attachment":[{"href":"https:\/\/elansaintais.asso.fr\/blog\/wp-json\/wp\/v2\/media?parent=3494"}],"wp:term":[{"taxonomy":"category","embeddable":true,"href":"https:\/\/elansaintais.asso.fr\/blog\/wp-json\/wp\/v2\/categories?post=3494"},{"taxonomy":"post_tag","embeddable":true,"href":"https:\/\/elansaintais.asso.fr\/blog\/wp-json\/wp\/v2\/tags?post=3494"}],"curies":[{"name":"wp","href":"https:\/\/api.w.org\/{rel}","templated":true}]}}